{"id":286,"date":"2018-06-14T09:00:06","date_gmt":"2018-06-14T07:00:06","guid":{"rendered":"http:\/\/www.claravista.fr\/blog\/?p=286"},"modified":"2018-06-13T10:45:47","modified_gmt":"2018-06-13T08:45:47","slug":"lassistant-vocal-alexa-damazon","status":"publish","type":"post","link":"https:\/\/www.claravista.ai\/blog\/2018\/06\/14\/lassistant-vocal-alexa-damazon\/","title":{"rendered":"L\u2019assistant vocal Alexa d\u2019Amazon enfin entendu"},"content":{"rendered":"<div class=\"pt-1\">\t\t<div class=\"elementor elementor-286\">\n\t\t\t<div class=\"elementor-inner\">\n\t\t\t\t<div class=\"elementor-section-wrap\">\n\t\t\t\t\t\t\t<section data-id=\"679b3e2\" class=\"elementor-element elementor-element-679b3e2 elementor-section-boxed elementor-section-height-default elementor-section-height-default elementor-section elementor-top-section\" data-element_type=\"section\">\n\t\t\t\t\t\t<div class=\"elementor-container elementor-column-gap-default\">\n\t\t\t\t<div class=\"elementor-row\">\n\t\t\t\t<div data-id=\"1a4758f\" class=\"elementor-element elementor-element-1a4758f elementor-column elementor-col-100 elementor-top-column\" data-element_type=\"column\">\n\t\t\t<div class=\"elementor-column-wrap elementor-element-populated\">\n\t\t\t\t\t<div class=\"elementor-widget-wrap\">\n\t\t\t\t<div data-id=\"72b67d8\" class=\"elementor-element elementor-element-72b67d8 elementor-widget elementor-widget-text-editor\" data-element_type=\"text-editor.default\">\n\t\t\t\t<div class=\"elementor-widget-container\">\n\t\t\t\t\t<div class=\"elementor-text-editor elementor-clearfix\"><p><span style=\"font-family: 'trebuchet ms', geneva, sans-serif; color: #414042;\"><b><i>En France on les attendait avec impatience depuis plusieurs mois d\u00e9j\u00e0, d\u00e9sesp\u00e9rant de voir les march\u00e9s anglophones les utiliser tandis que les march\u00e9s francophones \u00e9taient l\u00e9s\u00e9s. Mais la patience finit toujours par payer : Amazon lance enfin son assistant vocal et ses enceintes en fran\u00e7ais sur les march\u00e9s francophones. On aura t\u00f4t fait de les voir appara\u00eetre au sein des foyers fran\u00e7ais : les mod\u00e8les Echo Dot et Amazon Echo sont sortis le 13 juin 2018 et l\u2019Echo Spot sortira le 26 juillet.<\/i><\/b><\/span><\/p><\/div>\n\t\t\t\t<\/div>\n\t\t\t\t<\/div>\n\t\t\t\t<div data-id=\"e2cb2b1\" class=\"elementor-element elementor-element-e2cb2b1 elementor-aspect-ratio-169 elementor-widget elementor-widget-video\" data-settings=\"{&quot;aspect_ratio&quot;:&quot;169&quot;}\" data-element_type=\"video.default\">\n\t\t\t\t<div class=\"elementor-widget-container\">\n\t\t\t\t\t<div class=\"elementor-wrapper elementor-fit-aspect-ratio elementor-open-inline\">\n\t\t\t<iframe class=\"elementor-video-iframe\" src=\"https:\/\/www.youtube.com\/embed\/vt-1UiAXdMc?feature=oembed&amp;start&amp;end&amp;wmode=opaque&amp;loop=0&amp;controls=1&amp;mute=0&amp;showinfo=1&amp;rel=0&amp;modestbranding=0\" allowfullscreen><\/iframe>\t\t<\/div>\n\t\t\t<\/div>\n\t\t\t\t<\/div>\n\t\t\t\t<div data-id=\"0952fae\" class=\"elementor-element elementor-element-0952fae elementor-widget elementor-widget-heading\" data-element_type=\"heading.default\">\n\t\t\t\t<div class=\"elementor-widget-container\">\n\t\t\t<h2 class=\"elementor-heading-title elementor-size-default\">\"Alexa, joue ma musique\"<\/h2>\t\t<\/div>\n\t\t\t\t<\/div>\n\t\t\t\t<div data-id=\"7e16d33\" class=\"elementor-element elementor-element-7e16d33 elementor-widget elementor-widget-text-editor\" data-element_type=\"text-editor.default\">\n\t\t\t\t<div class=\"elementor-widget-container\">\n\t\t\t\t\t<div class=\"elementor-text-editor elementor-clearfix\"><p><span style=\"font-weight: 400; font-family: 'trebuchet ms', geneva, sans-serif; color: #414042;\">Commen\u00e7ons par Alexa, l\u2019assistante personnelle d\u2019Amazon. Disponible sur les plateformes de t\u00e9l\u00e9chargement iOS et Android, les utilisateurs peuvent d\u2019ores et d\u00e9j\u00e0 la t\u00e9l\u00e9charger et la rencontrer. C\u2019est tr\u00e8s simple : il suffit de se connecter \u00e0 son compte Amazon. L\u2019application permet surtout de g\u00e9rer et de d\u00e9couvrir les commandes possibles avec l\u2019assistant personnel, et rend possible la cr\u00e9ation de \u201croutines\u201d. En effet, l\u2019utilisateur peut cr\u00e9er des phrases d\u2019activation qui vont permettre de lancer une s\u00e9rie d\u2019actions personnalis\u00e9e. Cependant les retours des utilisateurs indiquent pour l\u2019instant quelques bugs importants pouvant r\u00e9ellement impacter son utilisation &#8211; prudence avant de crier Eureka donc.<\/span><\/p><\/div>\n\t\t\t\t<\/div>\n\t\t\t\t<\/div>\n\t\t\t\t<div data-id=\"0874779\" class=\"elementor-element elementor-element-0874779 elementor-widget elementor-widget-heading\" data-element_type=\"heading.default\">\n\t\t\t\t<div class=\"elementor-widget-container\">\n\t\t\t<h2 class=\"elementor-heading-title elementor-size-default\">Echo Dot, l'enceinte limit\u00e9e ou simplifi\u00e9e ?<\/h2>\t\t<\/div>\n\t\t\t\t<\/div>\n\t\t\t\t<div data-id=\"51f50ba\" class=\"elementor-element elementor-element-51f50ba elementor-widget elementor-widget-image\" data-element_type=\"image.default\">\n\t\t\t\t<div class=\"elementor-widget-container\">\n\t\t\t\t\t<div class=\"elementor-image\">\n\t\t\t\t\t\t\t\t\t\t<img loading=\"lazy\" decoding=\"async\" width=\"500\" height=\"282\" src=\"https:\/\/www.claravista.ai\/blog\/wp-content\/uploads\/2018\/06\/shutterstock_657673921.jpg\" class=\"attachment-large size-large\" alt=\"Echo Dot, l&#039;assistant personnel rencontre l&#039;enceinte connect\u00e9e\" srcset=\"https:\/\/www.claravista.ai\/blog\/wp-content\/uploads\/2018\/06\/shutterstock_657673921.jpg 500w, https:\/\/www.claravista.ai\/blog\/wp-content\/uploads\/2018\/06\/shutterstock_657673921-300x169.jpg 300w\" sizes=\"(max-width: 500px) 100vw, 500px\" \/>\t\t\t\t\t\t\t\t\t\t\t<\/div>\n\t\t\t\t<\/div>\n\t\t\t\t<\/div>\n\t\t\t\t<div data-id=\"4f0199a\" class=\"elementor-element elementor-element-4f0199a elementor-widget elementor-widget-text-editor\" data-element_type=\"text-editor.default\">\n\t\t\t\t<div class=\"elementor-widget-container\">\n\t\t\t\t\t<div class=\"elementor-text-editor elementor-clearfix\"><p><span style=\"font-weight: 400; font-family: 'trebuchet ms', geneva, sans-serif; color: #414042;\">Echo Dot qui, en plus d\u2019\u00eatre le plus petit des trois mod\u00e8les lanc\u00e9s par Amazon, est aussi l\u2019enceinte la moins d\u00e9velopp\u00e9e avec des fonctionnalit\u00e9s limit\u00e9es. Elle permet par exemple de lancer de la musique, de contr\u00f4ler certains objets connect\u00e9s, d\u2019\u00e9couter des livres audios, et m\u00eame d\u2019envoyer des messages \u00e0 une personne poss\u00e9dant une enceinte Amazon (ou du moins l\u2019application Alexa), le tout gr\u00e2ce \u00e0 la reconnaissance vocale. Il s\u2019agit ici pour la marque de rendre l\u2019assistant personnel accessible \u00e0 tous, avec des cas d\u2019usages simples. C\u00f4t\u00e9 technique, on note que malgr\u00e9 sa taille, Echo Dot est dot\u00e9 de 7 microphones, permettant ainsi une meilleure reconnaissance vocale.<\/span><\/p><\/div>\n\t\t\t\t<\/div>\n\t\t\t\t<\/div>\n\t\t\t\t<div data-id=\"c34a0d5\" class=\"elementor-element elementor-element-c34a0d5 elementor-widget elementor-widget-heading\" data-element_type=\"heading.default\">\n\t\t\t\t<div class=\"elementor-widget-container\">\n\t\t\t<h2 class=\"elementor-heading-title elementor-size-default\">Echo, friendly mais pas trop<\/h2>\t\t<\/div>\n\t\t\t\t<\/div>\n\t\t\t\t<div data-id=\"befe015\" class=\"elementor-element elementor-element-befe015 elementor-widget elementor-widget-image\" data-element_type=\"image.default\">\n\t\t\t\t<div class=\"elementor-widget-container\">\n\t\t\t\t\t<div class=\"elementor-image\">\n\t\t\t\t\t\t\t\t\t\t<img loading=\"lazy\" decoding=\"async\" width=\"500\" height=\"334\" src=\"https:\/\/www.claravista.ai\/blog\/wp-content\/uploads\/2018\/06\/shutterstock_751249387.jpg\" class=\"attachment-large size-large\" alt=\"Amazon echo, l&#039;assistant personnel rencontre l&#039;enceinte connect\u00e9e\" srcset=\"https:\/\/www.claravista.ai\/blog\/wp-content\/uploads\/2018\/06\/shutterstock_751249387.jpg 500w, https:\/\/www.claravista.ai\/blog\/wp-content\/uploads\/2018\/06\/shutterstock_751249387-300x200.jpg 300w\" sizes=\"(max-width: 500px) 100vw, 500px\" \/>\t\t\t\t\t\t\t\t\t\t\t<\/div>\n\t\t\t\t<\/div>\n\t\t\t\t<\/div>\n\t\t\t\t<div data-id=\"658c216\" class=\"elementor-element elementor-element-658c216 elementor-widget elementor-widget-text-editor\" data-element_type=\"text-editor.default\">\n\t\t\t\t<div class=\"elementor-widget-container\">\n\t\t\t\t\t<div class=\"elementor-text-editor elementor-clearfix\"><p><span style=\"font-weight: 400; font-family: 'trebuchet ms', geneva, sans-serif; color: #414042;\">L\u2019enceinte Amazon Echo est, quant \u00e0 elle, le mod\u00e8le interm\u00e9diaire de la gamme. Globalement elle est dot\u00e9e des m\u00eames fonctionnalit\u00e9s que l\u2019Echo Dot, avec quelques fonctions suppl\u00e9mentaires. Elle permet \u00e0 l\u2019utilisateur de poser des questions &#8211; concernant la m\u00e9t\u00e9o, la gestion de listes ou encore le trafic routier &#8211; et d\u2019obtenir des r\u00e9ponses d\u2019Alexa. Amazon Echo peut aussi \u00eatre li\u00e9e \u00e0 la maison connect\u00e9e : il est notamment possible de g\u00e9rer la temp\u00e9rature de son logement gr\u00e2ce \u00e0 une commande vocale. C\u00f4t\u00e9 technique, ce mod\u00e8le est dot\u00e9 du son Dolby, autrement dit un son immersif et omnidirectionnel, am\u00e9liorant ainsi l\u2019exp\u00e9rience utilisateur.<\/span><\/p><\/div>\n\t\t\t\t<\/div>\n\t\t\t\t<\/div>\n\t\t\t\t<div data-id=\"e50ba21\" class=\"elementor-element elementor-element-e50ba21 elementor-widget elementor-widget-heading\" data-element_type=\"heading.default\">\n\t\t\t\t<div class=\"elementor-widget-container\">\n\t\t\t<h2 class=\"elementor-heading-title elementor-size-default\">Spot, vers le futur de l'assistant personnel ?<\/h2>\t\t<\/div>\n\t\t\t\t<\/div>\n\t\t\t\t<div data-id=\"854f288\" class=\"elementor-element elementor-element-854f288 elementor-widget elementor-widget-image\" data-element_type=\"image.default\">\n\t\t\t\t<div class=\"elementor-widget-container\">\n\t\t\t\t\t<div class=\"elementor-image\">\n\t\t\t\t\t\t\t\t\t\t<img loading=\"lazy\" decoding=\"async\" width=\"500\" height=\"282\" src=\"https:\/\/www.claravista.ai\/blog\/wp-content\/uploads\/2018\/06\/shutterstock_1036564627.jpg\" class=\"attachment-large size-large\" alt=\"Echo SPot, l&#039;assistant personnel rencontre l&#039;enceinte connect\u00e9e\" srcset=\"https:\/\/www.claravista.ai\/blog\/wp-content\/uploads\/2018\/06\/shutterstock_1036564627.jpg 500w, https:\/\/www.claravista.ai\/blog\/wp-content\/uploads\/2018\/06\/shutterstock_1036564627-300x169.jpg 300w\" sizes=\"(max-width: 500px) 100vw, 500px\" \/>\t\t\t\t\t\t\t\t\t\t\t<\/div>\n\t\t\t\t<\/div>\n\t\t\t\t<\/div>\n\t\t\t\t<div data-id=\"932284c\" class=\"elementor-element elementor-element-932284c elementor-widget elementor-widget-text-editor\" data-element_type=\"text-editor.default\">\n\t\t\t\t<div class=\"elementor-widget-container\">\n\t\t\t\t\t<div class=\"elementor-text-editor elementor-clearfix\"><p><span style=\"font-weight: 400; font-family: 'trebuchet ms', geneva, sans-serif; color: #414042;\">Enfin, Echo Spot est le mod\u00e8le d\u2019enceinte le plus avanc\u00e9 de la gamme. Il a pour particularit\u00e9 d\u2019avoir un \u00e9cran, ce qui permet de l\u2019utiliser comme vid\u00e9o de surveillance, mais aussi comme support pour des appels vid\u00e9os ou des visioconf\u00e9rences. C\u2019est aussi un moyen astucieux de pallier aux manques de l\u2019assistant vocal en diversifiant les commandes donn\u00e9es.<\/span><\/p><\/div>\n\t\t\t\t<\/div>\n\t\t\t\t<\/div>\n\t\t\t\t\t\t<\/div>\n\t\t\t<\/div>\n\t\t<\/div>\n\t\t\t\t\t\t<\/div>\n\t\t\t<\/div>\n\t\t<\/section>\n\t\t\t\t\t\t<\/div>\n\t\t\t<\/div>\n\t\t<\/div>\n\t\t<\/div>","protected":false},"excerpt":{"rendered":"<p>En France on les attendait avec impatience depuis plusieurs mois d\u00e9j\u00e0, d\u00e9sesp\u00e9rant de voir les march\u00e9s anglophones les utiliser tandis que les march\u00e9s francophones \u00e9taient l\u00e9s\u00e9s. Mais la patience finit toujours par payer : Amazon lance enfin son assistant vocal et ses enceintes en fran\u00e7ais sur les march\u00e9s francophones. On aura t\u00f4t fait de les <a class=\"more-link small\" href=\"https:\/\/www.claravista.ai\/blog\/2018\/06\/14\/lassistant-vocal-alexa-damazon\/\">[lire la suite]<\/a><\/p>\n","protected":false},"author":11,"featured_media":294,"comment_status":"open","ping_status":"open","sticky":false,"template":"","format":"standard","meta":{"footnotes":""},"categories":[9],"tags":[56,42,55],"_links":{"self":[{"href":"https:\/\/www.claravista.ai\/blog\/wp-json\/wp\/v2\/post\/286"}],"collection":[{"href":"https:\/\/www.claravista.ai\/blog\/wp-json\/wp\/v2\/post"}],"about":[{"href":"https:\/\/www.claravista.ai\/blog\/wp-json\/wp\/v2\/types\/post"}],"author":[{"embeddable":true,"href":"https:\/\/www.claravista.ai\/blog\/wp-json\/wp\/v2\/users\/11"}],"replies":[{"embeddable":true,"href":"https:\/\/www.claravista.ai\/blog\/wp-json\/wp\/v2\/comments?post=286"}],"version-history":[{"count":5,"href":"https:\/\/www.claravista.ai\/blog\/wp-json\/wp\/v2\/post\/286\/revisions"}],"predecessor-version":[{"id":296,"href":"https:\/\/www.claravista.ai\/blog\/wp-json\/wp\/v2\/post\/286\/revisions\/296"}],"wp:featuredmedia":[{"embeddable":true,"href":"https:\/\/www.claravista.ai\/blog\/wp-json\/wp\/v2\/media\/294"}],"wp:attachment":[{"href":"https:\/\/www.claravista.ai\/blog\/wp-json\/wp\/v2\/media?parent=286"}],"wp:term":[{"taxonomy":"category","embeddable":true,"href":"https:\/\/www.claravista.ai\/blog\/wp-json\/wp\/v2\/categories?post=286"},{"taxonomy":"post_tag","embeddable":true,"href":"https:\/\/www.claravista.ai\/blog\/wp-json\/wp\/v2\/tags?post=286"}],"curies":[{"name":"wp","href":"https:\/\/api.w.org\/{rel}","templated":true}]}}